{"id":1462,"date":"2025-06-11T08:01:33","date_gmt":"2025-06-11T08:01:33","guid":{"rendered":"https:\/\/bukovoda.hu\/?p=1462"},"modified":"2025-06-11T08:02:05","modified_gmt":"2025-06-11T08:02:05","slug":"zeneiskolai-beiratkozas-2025-26-os-tanevre","status":"publish","type":"post","link":"https:\/\/bukovoda.hu\/?p=1462","title":{"rendered":"Zeneiskolai beiratkoz\u00e1s 2025\/26-os tan\u00e9vre"},"content":{"rendered":"\n<p class=\"has-text-align-left\">Szeretettel v\u00e1rjuk a b\u00fcki, csepregi \u00e9s k\u00f6rny\u00e9kbeli zene ir\u00e1nt \u00e9rdekl\u0151d\u0151 fiatalokat zene iskol\u00e1nkba, ahol lelkes zenetan\u00e1rok ir\u00e1ny\u00edt\u00e1s\u00e1val, j\u00f3 t\u00e1rgyi felt\u00e9telek mellett csal\u00e1dias l\u00e9gk\u00f6rben kezdhetik meg zenei tanulm\u00e1nyaikat! R\u00e9szletek a mell\u00e9kelt plak\u00e1ton!<\/p>\n\n\n\n<figure class=\"wp-block-image size-large\"><img fetchpriority=\"high\" decoding=\"async\" width=\"768\" height=\"1024\" src=\"https:\/\/bukovoda.hu\/wp-content\/uploads\/2025\/06\/att.a3PSkwMb7KyZjxAFSB6S1ZuEP7FYoiifp8CTLuDr7GI-768x1024.jpg\" alt=\"\" class=\"wp-image-1463\" srcset=\"https:\/\/bukovoda.hu\/wp-content\/uploads\/2025\/06\/att.a3PSkwMb7KyZjxAFSB6S1ZuEP7FYoiifp8CTLuDr7GI-768x1024.jpg 768w, https:\/\/bukovoda.hu\/wp-content\/uploads\/2025\/06\/att.a3PSkwMb7KyZjxAFSB6S1ZuEP7FYoiifp8CTLuDr7GI-225x300.jpg 225w, https:\/\/bukovoda.hu\/wp-content\/uploads\/2025\/06\/att.a3PSkwMb7KyZjxAFSB6S1ZuEP7FYoiifp8CTLuDr7GI.jpg 1080w\" sizes=\"(max-width: 768px) 100vw, 768px\" \/><\/figure>\n","protected":false},"excerpt":{"rendered":"<p>Szeretettel v\u00e1rjuk a b\u00fcki, csepregi \u00e9s k\u00f6rny\u00e9kbeli zene ir\u00e1nt \u00e9rdekl\u0151d\u0151 fiatalokat zene iskol\u00e1nkba, ahol lelkes zenetan\u00e1rok ir\u00e1ny\u00edt\u00e1s\u00e1val, j\u00f3 t\u00e1rgyi felt\u00e9telek mellett csal\u00e1dias l\u00e9gk\u00f6rben kezdhetik meg zenei tanulm\u00e1nyaikat! R\u00e9szletek a mell\u00e9kelt plak\u00e1ton!<\/p>\n","protected":false},"author":1,"featured_media":0,"comment_status":"closed","ping_status":"open","sticky":false,"template":"","format":"standard","meta":{"ngg_post_thumbnail":0,"footnotes":""},"categories":[1],"tags":[],"table_tags":[],"class_list":["post-1462","post","type-post","status-publish","format-standard","hentry","category-kategorizalatlan"],"yoast_head":"<!-- This site is optimized with the Yoast SEO plugin v21.9.1 - https:\/\/yoast.com\/wordpress\/plugins\/seo\/ -->\n<title>Zeneiskolai beiratkoz\u00e1s 2025\/26-os tan\u00e9vre - Csodaorsz\u00e1g \u00d3voda, B\u00f6lcs\u0151de \u00e9s K\u00f6z\u00e9tkeztet\u00e9st Ell\u00e1t\u00f3 Int\u00e9zm\u00e9ny<\/title>\n<meta name=\"robots\" content=\"index, follow, max-snippet:-1, max-image-preview:large, max-video-preview:-1\" \/>\n<link rel=\"canonical\" href=\"https:\/\/bukovoda.hu\/?p=1462\" \/>\n<meta property=\"og:locale\" content=\"hu_HU\" \/>\n<meta property=\"og:type\" content=\"article\" \/>\n<meta property=\"og:title\" content=\"Zeneiskolai beiratkoz\u00e1s 2025\/26-os tan\u00e9vre - Csodaorsz\u00e1g \u00d3voda, B\u00f6lcs\u0151de \u00e9s K\u00f6z\u00e9tkeztet\u00e9st Ell\u00e1t\u00f3 Int\u00e9zm\u00e9ny\" \/>\n<meta property=\"og:description\" content=\"Szeretettel v\u00e1rjuk a b\u00fcki, csepregi \u00e9s k\u00f6rny\u00e9kbeli zene ir\u00e1nt \u00e9rdekl\u0151d\u0151 fiatalokat zene iskol\u00e1nkba, ahol lelkes zenetan\u00e1rok ir\u00e1ny\u00edt\u00e1s\u00e1val, j\u00f3 t\u00e1rgyi felt\u00e9telek mellett csal\u00e1dias l\u00e9gk\u00f6rben kezdhetik meg zenei tanulm\u00e1nyaikat! R\u00e9szletek a mell\u00e9kelt plak\u00e1ton!\" \/>\n<meta property=\"og:url\" content=\"https:\/\/bukovoda.hu\/?p=1462\" \/>\n<meta property=\"og:site_name\" content=\"Csodaorsz\u00e1g \u00d3voda, B\u00f6lcs\u0151de \u00e9s K\u00f6z\u00e9tkeztet\u00e9st Ell\u00e1t\u00f3 Int\u00e9zm\u00e9ny\" \/>\n<meta property=\"article:published_time\" content=\"2025-06-11T08:01:33+00:00\" \/>\n<meta property=\"article:modified_time\" content=\"2025-06-11T08:02:05+00:00\" \/>\n<meta property=\"og:image\" content=\"https:\/\/bukovoda.hu\/wp-content\/uploads\/2025\/06\/att.a3PSkwMb7KyZjxAFSB6S1ZuEP7FYoiifp8CTLuDr7GI-768x1024.jpg\" \/>\n<meta name=\"author\" content=\"admin\" \/>\n<meta name=\"twitter:card\" content=\"summary_large_image\" \/>\n<meta name=\"twitter:label1\" content=\"Szerz\u0151:\" \/>\n\t<meta name=\"twitter:data1\" content=\"admin\" \/>\n\t<meta name=\"twitter:label2\" content=\"Becs\u00fclt olvas\u00e1si id\u0151\" \/>\n\t<meta name=\"twitter:data2\" content=\"1 perc\" \/>\n<script type=\"application\/ld+json\" class=\"yoast-schema-graph\">{\"@context\":\"https:\/\/schema.org\",\"@graph\":[{\"@type\":\"Article\",\"@id\":\"https:\/\/bukovoda.hu\/?p=1462#article\",\"isPartOf\":{\"@id\":\"https:\/\/bukovoda.hu\/?p=1462\"},\"author\":{\"name\":\"admin\",\"@id\":\"https:\/\/bukovoda.hu\/#\/schema\/person\/063eb8a6e2220a58a47ec537d3d8d987\"},\"headline\":\"Zeneiskolai beiratkoz\u00e1s 2025\/26-os tan\u00e9vre\",\"datePublished\":\"2025-06-11T08:01:33+00:00\",\"dateModified\":\"2025-06-11T08:02:05+00:00\",\"mainEntityOfPage\":{\"@id\":\"https:\/\/bukovoda.hu\/?p=1462\"},\"wordCount\":58,\"publisher\":{\"@id\":\"https:\/\/bukovoda.hu\/#organization\"},\"articleSection\":[\"Kategoriz\u00e1latlan\"],\"inLanguage\":\"hu\"},{\"@type\":\"WebPage\",\"@id\":\"https:\/\/bukovoda.hu\/?p=1462\",\"url\":\"https:\/\/bukovoda.hu\/?p=1462\",\"name\":\"Zeneiskolai beiratkoz\u00e1s 2025\/26-os tan\u00e9vre - Csodaorsz\u00e1g \u00d3voda, B\u00f6lcs\u0151de \u00e9s K\u00f6z\u00e9tkeztet\u00e9st Ell\u00e1t\u00f3 Int\u00e9zm\u00e9ny\",\"isPartOf\":{\"@id\":\"https:\/\/bukovoda.hu\/#website\"},\"datePublished\":\"2025-06-11T08:01:33+00:00\",\"dateModified\":\"2025-06-11T08:02:05+00:00\",\"breadcrumb\":{\"@id\":\"https:\/\/bukovoda.hu\/?p=1462#breadcrumb\"},\"inLanguage\":\"hu\",\"potentialAction\":[{\"@type\":\"ReadAction\",\"target\":[\"https:\/\/bukovoda.hu\/?p=1462\"]}]},{\"@type\":\"BreadcrumbList\",\"@id\":\"https:\/\/bukovoda.hu\/?p=1462#breadcrumb\",\"itemListElement\":[{\"@type\":\"ListItem\",\"position\":1,\"name\":\"Kezd\u0151lap\",\"item\":\"https:\/\/bukovoda.hu\/\"},{\"@type\":\"ListItem\",\"position\":2,\"name\":\"Zeneiskolai beiratkoz\u00e1s 2025\/26-os tan\u00e9vre\"}]},{\"@type\":\"WebSite\",\"@id\":\"https:\/\/bukovoda.hu\/#website\",\"url\":\"https:\/\/bukovoda.hu\/\",\"name\":\"Csodaorsz\u00e1g \u00d3voda, B\u00f6lcs\u0151de \u00e9s K\u00f6z\u00e9tkeztet\u00e9st Ell\u00e1t\u00f3 Int\u00e9zm\u00e9ny\",\"description\":\"\",\"publisher\":{\"@id\":\"https:\/\/bukovoda.hu\/#organization\"},\"potentialAction\":[{\"@type\":\"SearchAction\",\"target\":{\"@type\":\"EntryPoint\",\"urlTemplate\":\"https:\/\/bukovoda.hu\/?s={search_term_string}\"},\"query-input\":\"required name=search_term_string\"}],\"inLanguage\":\"hu\"},{\"@type\":\"Organization\",\"@id\":\"https:\/\/bukovoda.hu\/#organization\",\"name\":\"Csodaorsz\u00e1g \u00d3voda, B\u00f6lcs\u0151de \u00e9s K\u00f6z\u00e9tkeztet\u00e9st Ell\u00e1t\u00f3 Int\u00e9zm\u00e9ny\",\"url\":\"https:\/\/bukovoda.hu\/\",\"logo\":{\"@type\":\"ImageObject\",\"inLanguage\":\"hu\",\"@id\":\"https:\/\/bukovoda.hu\/#\/schema\/logo\/image\/\",\"url\":\"https:\/\/bukovoda.hu\/wp-content\/uploads\/2024\/02\/cropped-cropped-Csodaorszag_ovoda-Logo-4-Color.jpg\",\"contentUrl\":\"https:\/\/bukovoda.hu\/wp-content\/uploads\/2024\/02\/cropped-cropped-Csodaorszag_ovoda-Logo-4-Color.jpg\",\"width\":508,\"height\":239,\"caption\":\"Csodaorsz\u00e1g \u00d3voda, B\u00f6lcs\u0151de \u00e9s K\u00f6z\u00e9tkeztet\u00e9st Ell\u00e1t\u00f3 Int\u00e9zm\u00e9ny\"},\"image\":{\"@id\":\"https:\/\/bukovoda.hu\/#\/schema\/logo\/image\/\"}},{\"@type\":\"Person\",\"@id\":\"https:\/\/bukovoda.hu\/#\/schema\/person\/063eb8a6e2220a58a47ec537d3d8d987\",\"name\":\"admin\",\"image\":{\"@type\":\"ImageObject\",\"inLanguage\":\"hu\",\"@id\":\"https:\/\/bukovoda.hu\/#\/schema\/person\/image\/\",\"url\":\"https:\/\/secure.gravatar.com\/avatar\/7136ebe7fb9d20a1b83ec64b32e87d01?s=96&d=mm&r=g\",\"contentUrl\":\"https:\/\/secure.gravatar.com\/avatar\/7136ebe7fb9d20a1b83ec64b32e87d01?s=96&d=mm&r=g\",\"caption\":\"admin\"},\"sameAs\":[\"https:\/\/bukovoda.hu\"],\"url\":\"https:\/\/bukovoda.hu\/?author=1\"}]}<\/script>\n<!-- \/ Yoast SEO plugin. -->","yoast_head_json":{"title":"Zeneiskolai beiratkoz\u00e1s 2025\/26-os tan\u00e9vre - Csodaorsz\u00e1g \u00d3voda, B\u00f6lcs\u0151de \u00e9s K\u00f6z\u00e9tkeztet\u00e9st Ell\u00e1t\u00f3 Int\u00e9zm\u00e9ny","robots":{"index":"index","follow":"follow","max-snippet":"max-snippet:-1","max-image-preview":"max-image-preview:large","max-video-preview":"max-video-preview:-1"},"canonical":"https:\/\/bukovoda.hu\/?p=1462","og_locale":"hu_HU","og_type":"article","og_title":"Zeneiskolai beiratkoz\u00e1s 2025\/26-os tan\u00e9vre - Csodaorsz\u00e1g \u00d3voda, B\u00f6lcs\u0151de \u00e9s K\u00f6z\u00e9tkeztet\u00e9st Ell\u00e1t\u00f3 Int\u00e9zm\u00e9ny","og_description":"Szeretettel v\u00e1rjuk a b\u00fcki, csepregi \u00e9s k\u00f6rny\u00e9kbeli zene ir\u00e1nt \u00e9rdekl\u0151d\u0151 fiatalokat zene iskol\u00e1nkba, ahol lelkes zenetan\u00e1rok ir\u00e1ny\u00edt\u00e1s\u00e1val, j\u00f3 t\u00e1rgyi felt\u00e9telek mellett csal\u00e1dias l\u00e9gk\u00f6rben kezdhetik meg zenei tanulm\u00e1nyaikat! R\u00e9szletek a mell\u00e9kelt plak\u00e1ton!","og_url":"https:\/\/bukovoda.hu\/?p=1462","og_site_name":"Csodaorsz\u00e1g \u00d3voda, B\u00f6lcs\u0151de \u00e9s K\u00f6z\u00e9tkeztet\u00e9st Ell\u00e1t\u00f3 Int\u00e9zm\u00e9ny","article_published_time":"2025-06-11T08:01:33+00:00","article_modified_time":"2025-06-11T08:02:05+00:00","og_image":[{"url":"https:\/\/bukovoda.hu\/wp-content\/uploads\/2025\/06\/att.a3PSkwMb7KyZjxAFSB6S1ZuEP7FYoiifp8CTLuDr7GI-768x1024.jpg"}],"author":"admin","twitter_card":"summary_large_image","twitter_misc":{"Szerz\u0151:":"admin","Becs\u00fclt olvas\u00e1si id\u0151":"1 perc"},"schema":{"@context":"https:\/\/schema.org","@graph":[{"@type":"Article","@id":"https:\/\/bukovoda.hu\/?p=1462#article","isPartOf":{"@id":"https:\/\/bukovoda.hu\/?p=1462"},"author":{"name":"admin","@id":"https:\/\/bukovoda.hu\/#\/schema\/person\/063eb8a6e2220a58a47ec537d3d8d987"},"headline":"Zeneiskolai beiratkoz\u00e1s 2025\/26-os tan\u00e9vre","datePublished":"2025-06-11T08:01:33+00:00","dateModified":"2025-06-11T08:02:05+00:00","mainEntityOfPage":{"@id":"https:\/\/bukovoda.hu\/?p=1462"},"wordCount":58,"publisher":{"@id":"https:\/\/bukovoda.hu\/#organization"},"articleSection":["Kategoriz\u00e1latlan"],"inLanguage":"hu"},{"@type":"WebPage","@id":"https:\/\/bukovoda.hu\/?p=1462","url":"https:\/\/bukovoda.hu\/?p=1462","name":"Zeneiskolai beiratkoz\u00e1s 2025\/26-os tan\u00e9vre - Csodaorsz\u00e1g \u00d3voda, B\u00f6lcs\u0151de \u00e9s K\u00f6z\u00e9tkeztet\u00e9st Ell\u00e1t\u00f3 Int\u00e9zm\u00e9ny","isPartOf":{"@id":"https:\/\/bukovoda.hu\/#website"},"datePublished":"2025-06-11T08:01:33+00:00","dateModified":"2025-06-11T08:02:05+00:00","breadcrumb":{"@id":"https:\/\/bukovoda.hu\/?p=1462#breadcrumb"},"inLanguage":"hu","potentialAction":[{"@type":"ReadAction","target":["https:\/\/bukovoda.hu\/?p=1462"]}]},{"@type":"BreadcrumbList","@id":"https:\/\/bukovoda.hu\/?p=1462#breadcrumb","itemListElement":[{"@type":"ListItem","position":1,"name":"Kezd\u0151lap","item":"https:\/\/bukovoda.hu\/"},{"@type":"ListItem","position":2,"name":"Zeneiskolai beiratkoz\u00e1s 2025\/26-os tan\u00e9vre"}]},{"@type":"WebSite","@id":"https:\/\/bukovoda.hu\/#website","url":"https:\/\/bukovoda.hu\/","name":"Csodaorsz\u00e1g \u00d3voda, B\u00f6lcs\u0151de \u00e9s K\u00f6z\u00e9tkeztet\u00e9st Ell\u00e1t\u00f3 Int\u00e9zm\u00e9ny","description":"","publisher":{"@id":"https:\/\/bukovoda.hu\/#organization"},"potentialAction":[{"@type":"SearchAction","target":{"@type":"EntryPoint","urlTemplate":"https:\/\/bukovoda.hu\/?s={search_term_string}"},"query-input":"required name=search_term_string"}],"inLanguage":"hu"},{"@type":"Organization","@id":"https:\/\/bukovoda.hu\/#organization","name":"Csodaorsz\u00e1g \u00d3voda, B\u00f6lcs\u0151de \u00e9s K\u00f6z\u00e9tkeztet\u00e9st Ell\u00e1t\u00f3 Int\u00e9zm\u00e9ny","url":"https:\/\/bukovoda.hu\/","logo":{"@type":"ImageObject","inLanguage":"hu","@id":"https:\/\/bukovoda.hu\/#\/schema\/logo\/image\/","url":"https:\/\/bukovoda.hu\/wp-content\/uploads\/2024\/02\/cropped-cropped-Csodaorszag_ovoda-Logo-4-Color.jpg","contentUrl":"https:\/\/bukovoda.hu\/wp-content\/uploads\/2024\/02\/cropped-cropped-Csodaorszag_ovoda-Logo-4-Color.jpg","width":508,"height":239,"caption":"Csodaorsz\u00e1g \u00d3voda, B\u00f6lcs\u0151de \u00e9s K\u00f6z\u00e9tkeztet\u00e9st Ell\u00e1t\u00f3 Int\u00e9zm\u00e9ny"},"image":{"@id":"https:\/\/bukovoda.hu\/#\/schema\/logo\/image\/"}},{"@type":"Person","@id":"https:\/\/bukovoda.hu\/#\/schema\/person\/063eb8a6e2220a58a47ec537d3d8d987","name":"admin","image":{"@type":"ImageObject","inLanguage":"hu","@id":"https:\/\/bukovoda.hu\/#\/schema\/person\/image\/","url":"https:\/\/secure.gravatar.com\/avatar\/7136ebe7fb9d20a1b83ec64b32e87d01?s=96&d=mm&r=g","contentUrl":"https:\/\/secure.gravatar.com\/avatar\/7136ebe7fb9d20a1b83ec64b32e87d01?s=96&d=mm&r=g","caption":"admin"},"sameAs":["https:\/\/bukovoda.hu"],"url":"https:\/\/bukovoda.hu\/?author=1"}]}},"jetpack_featured_media_url":"","blog_post_layout_featured_media_urls":{"thumbnail":"","full":""},"categories_names":{"1":{"name":"Kategoriz\u00e1latlan","link":"https:\/\/bukovoda.hu\/?cat=1"}},"tags_names":[],"comments_number":"0","_links":{"self":[{"href":"https:\/\/bukovoda.hu\/index.php?rest_route=\/wp\/v2\/posts\/1462"}],"collection":[{"href":"https:\/\/bukovoda.hu\/index.php?rest_route=\/wp\/v2\/posts"}],"about":[{"href":"https:\/\/bukovoda.hu\/index.php?rest_route=\/wp\/v2\/types\/post"}],"author":[{"embeddable":true,"href":"https:\/\/bukovoda.hu\/index.php?rest_route=\/wp\/v2\/users\/1"}],"replies":[{"embeddable":true,"href":"https:\/\/bukovoda.hu\/index.php?rest_route=%2Fwp%2Fv2%2Fcomments&post=1462"}],"version-history":[{"count":2,"href":"https:\/\/bukovoda.hu\/index.php?rest_route=\/wp\/v2\/posts\/1462\/revisions"}],"predecessor-version":[{"id":1465,"href":"https:\/\/bukovoda.hu\/index.php?rest_route=\/wp\/v2\/posts\/1462\/revisions\/1465"}],"wp:attachment":[{"href":"https:\/\/bukovoda.hu\/index.php?rest_route=%2Fwp%2Fv2%2Fmedia&parent=1462"}],"wp:term":[{"taxonomy":"category","embeddable":true,"href":"https:\/\/bukovoda.hu\/index.php?rest_route=%2Fwp%2Fv2%2Fcategories&post=1462"},{"taxonomy":"post_tag","embeddable":true,"href":"https:\/\/bukovoda.hu\/index.php?rest_route=%2Fwp%2Fv2%2Ftags&post=1462"},{"taxonomy":"table_tags","embeddable":true,"href":"https:\/\/bukovoda.hu\/index.php?rest_route=%2Fwp%2Fv2%2Ftable_tags&post=1462"}],"curies":[{"name":"wp","href":"https:\/\/api.w.org\/{rel}","templated":true}]}}