{"id":1501,"date":"2025-07-08T11:24:46","date_gmt":"2025-07-08T11:24:46","guid":{"rendered":"https:\/\/bukovoda.hu\/?p=1501"},"modified":"2025-07-08T11:30:38","modified_gmt":"2025-07-08T11:30:38","slug":"szuloi-ertekezlet","status":"publish","type":"post","link":"https:\/\/bukovoda.hu\/?p=1501","title":{"rendered":"Sz\u00fcl\u0151i \u00e9rtekezlet"},"content":{"rendered":"<p style=\"text-align: left;\"><strong>Szeretettel megh\u00edvjuk a 2025\/2026-os nevel\u00e9si \u00e9vben b\u00f6lcs\u0151d\u00e9be j\u00e1r\u00f3 gyermekek sz\u00fcleit a Csodaorsz\u00e1g \u00d3voda, B\u00f6lcs\u0151de \u00e9s K\u00f6z\u00e9tkeztet\u00e9st Ell\u00e1t\u00f3 Int\u00e9zm\u00e9ny 2025. 08.12-\u00e9n 16:00 \u00f3rakor kezd\u0151d\u0151 sz\u00fcl\u0151i \u00e9rtekezlet\u00e9re.<\/strong><\/p>\n<p style=\"text-align: left;\"><strong>T\u00e9ma:<\/strong><br>A b\u00f6lcs\u0151de bemutat\u00e1sa, a gyermekek csoportbeoszt\u00e1sa, a b\u00f6lcs\u0151dekezd\u00e9s \u00e1ltal\u00e1nos tudnival\u00f3i, \u00e9s a h\u00e1zirend ismertet\u00e9se.<br>Az \u00f6sszevont sz\u00fcl\u0151i \u00e9rtekezlet ut\u00e1n, a kisgyermeknevel\u0151k r\u00f6vid t\u00e1j\u00e9koztat\u00e1st ny\u00fajtanak a beszoktat\u00e1s gyakorlat\u00e1r\u00f3l, b\u00f6lcs\u0151de mindennapjair\u00f3l a leend\u0151 b\u00f6lcs\u0151d\u00e9seink sz\u00fcleinek.<\/p>\n<p style=\"text-align: left;\"><strong>Helysz\u00edn:<\/strong><br>Csodaorsz\u00e1g \u00d3voda, B\u00f6lcs\u0151de \u00e9s K\u00f6z\u00e9tkeztet\u00e9st Ell\u00e1t\u00f3 Int\u00e9zm\u00e9ny, K\u00f6z\u00f6ss\u00e9gi terme<\/p>\n<p style=\"text-align: left;\">Mindenkit szeretettel V\u00e1runk!<\/p>\n<p>&nbsp;<\/p>\n\n<a href=\"https:\/\/bukovoda.hu\/wp-content\/uploads\/2025\/07\/Bolcsodes-szuloi-ert_-1.pdf\" class=\"pdfemb-viewer\" style=\"\" data-width=\"max\" data-height=\"max\" data-toolbar=\"bottom\" data-toolbar-fixed=\"off\">Bolcsodes-szuloi-ert_-1<\/a>","protected":false},"excerpt":{"rendered":"<p>Szeretettel megh\u00edvjuk a 2025\/2026-os nevel\u00e9si \u00e9vben b\u00f6lcs\u0151d\u00e9be j\u00e1r\u00f3 gyermekek sz\u00fcleit a Csodaorsz\u00e1g \u00d3voda, B\u00f6lcs\u0151de \u00e9s K\u00f6z\u00e9tkeztet\u00e9st Ell\u00e1t\u00f3 Int\u00e9zm\u00e9ny 2025. 08.12-\u00e9n 16:00 \u00f3rakor kezd\u0151d\u0151 sz\u00fcl\u0151i \u00e9rtekezlet\u00e9re. T\u00e9ma:A b\u00f6lcs\u0151de bemutat\u00e1sa, a gyermekek csoportbeoszt\u00e1sa, a b\u00f6lcs\u0151dekezd\u00e9s \u00e1ltal\u00e1nos tudnival\u00f3i, \u00e9s a h\u00e1zirend ismertet\u00e9se.Az \u00f6sszevont [&hellip;]<\/p>\n","protected":false},"author":1,"featured_media":0,"comment_status":"closed","ping_status":"open","sticky":false,"template":"","format":"standard","meta":{"ngg_post_thumbnail":0,"footnotes":""},"categories":[1],"tags":[],"table_tags":[],"class_list":["post-1501","post","type-post","status-publish","format-standard","hentry","category-kategorizalatlan"],"yoast_head":"<!-- This site is optimized with the Yoast SEO plugin v21.9.1 - https:\/\/yoast.com\/wordpress\/plugins\/seo\/ -->\n<title>Sz\u00fcl\u0151i \u00e9rtekezlet - Csodaorsz\u00e1g \u00d3voda, B\u00f6lcs\u0151de \u00e9s K\u00f6z\u00e9tkeztet\u00e9st Ell\u00e1t\u00f3 Int\u00e9zm\u00e9ny<\/title>\n<meta name=\"robots\" content=\"index, follow, max-snippet:-1, max-image-preview:large, max-video-preview:-1\" \/>\n<link rel=\"canonical\" href=\"https:\/\/bukovoda.hu\/?p=1501\" \/>\n<meta property=\"og:locale\" content=\"hu_HU\" \/>\n<meta property=\"og:type\" content=\"article\" \/>\n<meta property=\"og:title\" content=\"Sz\u00fcl\u0151i \u00e9rtekezlet - Csodaorsz\u00e1g \u00d3voda, B\u00f6lcs\u0151de \u00e9s K\u00f6z\u00e9tkeztet\u00e9st Ell\u00e1t\u00f3 Int\u00e9zm\u00e9ny\" \/>\n<meta property=\"og:description\" content=\"Szeretettel megh\u00edvjuk a 2025\/2026-os nevel\u00e9si \u00e9vben b\u00f6lcs\u0151d\u00e9be j\u00e1r\u00f3 gyermekek sz\u00fcleit a Csodaorsz\u00e1g \u00d3voda, B\u00f6lcs\u0151de \u00e9s K\u00f6z\u00e9tkeztet\u00e9st Ell\u00e1t\u00f3 Int\u00e9zm\u00e9ny 2025. 08.12-\u00e9n 16:00 \u00f3rakor kezd\u0151d\u0151 sz\u00fcl\u0151i \u00e9rtekezlet\u00e9re. T\u00e9ma:A b\u00f6lcs\u0151de bemutat\u00e1sa, a gyermekek csoportbeoszt\u00e1sa, a b\u00f6lcs\u0151dekezd\u00e9s \u00e1ltal\u00e1nos tudnival\u00f3i, \u00e9s a h\u00e1zirend ismertet\u00e9se.Az \u00f6sszevont [&hellip;]\" \/>\n<meta property=\"og:url\" content=\"https:\/\/bukovoda.hu\/?p=1501\" \/>\n<meta property=\"og:site_name\" content=\"Csodaorsz\u00e1g \u00d3voda, B\u00f6lcs\u0151de \u00e9s K\u00f6z\u00e9tkeztet\u00e9st Ell\u00e1t\u00f3 Int\u00e9zm\u00e9ny\" \/>\n<meta property=\"article:published_time\" content=\"2025-07-08T11:24:46+00:00\" \/>\n<meta property=\"article:modified_time\" content=\"2025-07-08T11:30:38+00:00\" \/>\n<meta name=\"author\" content=\"admin\" \/>\n<meta name=\"twitter:card\" content=\"summary_large_image\" \/>\n<meta name=\"twitter:label1\" content=\"Szerz\u0151:\" \/>\n\t<meta name=\"twitter:data1\" content=\"admin\" \/>\n\t<meta name=\"twitter:label2\" content=\"Becs\u00fclt olvas\u00e1si id\u0151\" \/>\n\t<meta name=\"twitter:data2\" content=\"1 perc\" \/>\n<script type=\"application\/ld+json\" class=\"yoast-schema-graph\">{\"@context\":\"https:\/\/schema.org\",\"@graph\":[{\"@type\":\"Article\",\"@id\":\"https:\/\/bukovoda.hu\/?p=1501#article\",\"isPartOf\":{\"@id\":\"https:\/\/bukovoda.hu\/?p=1501\"},\"author\":{\"name\":\"admin\",\"@id\":\"https:\/\/bukovoda.hu\/#\/schema\/person\/063eb8a6e2220a58a47ec537d3d8d987\"},\"headline\":\"Sz\u00fcl\u0151i \u00e9rtekezlet\",\"datePublished\":\"2025-07-08T11:24:46+00:00\",\"dateModified\":\"2025-07-08T11:30:38+00:00\",\"mainEntityOfPage\":{\"@id\":\"https:\/\/bukovoda.hu\/?p=1501\"},\"wordCount\":141,\"publisher\":{\"@id\":\"https:\/\/bukovoda.hu\/#organization\"},\"articleSection\":[\"Kategoriz\u00e1latlan\"],\"inLanguage\":\"hu\"},{\"@type\":\"WebPage\",\"@id\":\"https:\/\/bukovoda.hu\/?p=1501\",\"url\":\"https:\/\/bukovoda.hu\/?p=1501\",\"name\":\"Sz\u00fcl\u0151i \u00e9rtekezlet - Csodaorsz\u00e1g \u00d3voda, B\u00f6lcs\u0151de \u00e9s K\u00f6z\u00e9tkeztet\u00e9st Ell\u00e1t\u00f3 Int\u00e9zm\u00e9ny\",\"isPartOf\":{\"@id\":\"https:\/\/bukovoda.hu\/#website\"},\"datePublished\":\"2025-07-08T11:24:46+00:00\",\"dateModified\":\"2025-07-08T11:30:38+00:00\",\"breadcrumb\":{\"@id\":\"https:\/\/bukovoda.hu\/?p=1501#breadcrumb\"},\"inLanguage\":\"hu\",\"potentialAction\":[{\"@type\":\"ReadAction\",\"target\":[\"https:\/\/bukovoda.hu\/?p=1501\"]}]},{\"@type\":\"BreadcrumbList\",\"@id\":\"https:\/\/bukovoda.hu\/?p=1501#breadcrumb\",\"itemListElement\":[{\"@type\":\"ListItem\",\"position\":1,\"name\":\"Kezd\u0151lap\",\"item\":\"https:\/\/bukovoda.hu\/\"},{\"@type\":\"ListItem\",\"position\":2,\"name\":\"Sz\u00fcl\u0151i \u00e9rtekezlet\"}]},{\"@type\":\"WebSite\",\"@id\":\"https:\/\/bukovoda.hu\/#website\",\"url\":\"https:\/\/bukovoda.hu\/\",\"name\":\"Csodaorsz\u00e1g \u00d3voda, B\u00f6lcs\u0151de \u00e9s K\u00f6z\u00e9tkeztet\u00e9st Ell\u00e1t\u00f3 Int\u00e9zm\u00e9ny\",\"description\":\"\",\"publisher\":{\"@id\":\"https:\/\/bukovoda.hu\/#organization\"},\"potentialAction\":[{\"@type\":\"SearchAction\",\"target\":{\"@type\":\"EntryPoint\",\"urlTemplate\":\"https:\/\/bukovoda.hu\/?s={search_term_string}\"},\"query-input\":\"required name=search_term_string\"}],\"inLanguage\":\"hu\"},{\"@type\":\"Organization\",\"@id\":\"https:\/\/bukovoda.hu\/#organization\",\"name\":\"Csodaorsz\u00e1g \u00d3voda, B\u00f6lcs\u0151de \u00e9s K\u00f6z\u00e9tkeztet\u00e9st Ell\u00e1t\u00f3 Int\u00e9zm\u00e9ny\",\"url\":\"https:\/\/bukovoda.hu\/\",\"logo\":{\"@type\":\"ImageObject\",\"inLanguage\":\"hu\",\"@id\":\"https:\/\/bukovoda.hu\/#\/schema\/logo\/image\/\",\"url\":\"https:\/\/bukovoda.hu\/wp-content\/uploads\/2024\/02\/cropped-cropped-Csodaorszag_ovoda-Logo-4-Color.jpg\",\"contentUrl\":\"https:\/\/bukovoda.hu\/wp-content\/uploads\/2024\/02\/cropped-cropped-Csodaorszag_ovoda-Logo-4-Color.jpg\",\"width\":508,\"height\":239,\"caption\":\"Csodaorsz\u00e1g \u00d3voda, B\u00f6lcs\u0151de \u00e9s K\u00f6z\u00e9tkeztet\u00e9st Ell\u00e1t\u00f3 Int\u00e9zm\u00e9ny\"},\"image\":{\"@id\":\"https:\/\/bukovoda.hu\/#\/schema\/logo\/image\/\"}},{\"@type\":\"Person\",\"@id\":\"https:\/\/bukovoda.hu\/#\/schema\/person\/063eb8a6e2220a58a47ec537d3d8d987\",\"name\":\"admin\",\"image\":{\"@type\":\"ImageObject\",\"inLanguage\":\"hu\",\"@id\":\"https:\/\/bukovoda.hu\/#\/schema\/person\/image\/\",\"url\":\"https:\/\/secure.gravatar.com\/avatar\/7136ebe7fb9d20a1b83ec64b32e87d01?s=96&d=mm&r=g\",\"contentUrl\":\"https:\/\/secure.gravatar.com\/avatar\/7136ebe7fb9d20a1b83ec64b32e87d01?s=96&d=mm&r=g\",\"caption\":\"admin\"},\"sameAs\":[\"https:\/\/bukovoda.hu\"],\"url\":\"https:\/\/bukovoda.hu\/?author=1\"}]}<\/script>\n<!-- \/ Yoast SEO plugin. -->","yoast_head_json":{"title":"Sz\u00fcl\u0151i \u00e9rtekezlet - Csodaorsz\u00e1g \u00d3voda, B\u00f6lcs\u0151de \u00e9s K\u00f6z\u00e9tkeztet\u00e9st Ell\u00e1t\u00f3 Int\u00e9zm\u00e9ny","robots":{"index":"index","follow":"follow","max-snippet":"max-snippet:-1","max-image-preview":"max-image-preview:large","max-video-preview":"max-video-preview:-1"},"canonical":"https:\/\/bukovoda.hu\/?p=1501","og_locale":"hu_HU","og_type":"article","og_title":"Sz\u00fcl\u0151i \u00e9rtekezlet - Csodaorsz\u00e1g \u00d3voda, B\u00f6lcs\u0151de \u00e9s K\u00f6z\u00e9tkeztet\u00e9st Ell\u00e1t\u00f3 Int\u00e9zm\u00e9ny","og_description":"Szeretettel megh\u00edvjuk a 2025\/2026-os nevel\u00e9si \u00e9vben b\u00f6lcs\u0151d\u00e9be j\u00e1r\u00f3 gyermekek sz\u00fcleit a Csodaorsz\u00e1g \u00d3voda, B\u00f6lcs\u0151de \u00e9s K\u00f6z\u00e9tkeztet\u00e9st Ell\u00e1t\u00f3 Int\u00e9zm\u00e9ny 2025. 08.12-\u00e9n 16:00 \u00f3rakor kezd\u0151d\u0151 sz\u00fcl\u0151i \u00e9rtekezlet\u00e9re. T\u00e9ma:A b\u00f6lcs\u0151de bemutat\u00e1sa, a gyermekek csoportbeoszt\u00e1sa, a b\u00f6lcs\u0151dekezd\u00e9s \u00e1ltal\u00e1nos tudnival\u00f3i, \u00e9s a h\u00e1zirend ismertet\u00e9se.Az \u00f6sszevont [&hellip;]","og_url":"https:\/\/bukovoda.hu\/?p=1501","og_site_name":"Csodaorsz\u00e1g \u00d3voda, B\u00f6lcs\u0151de \u00e9s K\u00f6z\u00e9tkeztet\u00e9st Ell\u00e1t\u00f3 Int\u00e9zm\u00e9ny","article_published_time":"2025-07-08T11:24:46+00:00","article_modified_time":"2025-07-08T11:30:38+00:00","author":"admin","twitter_card":"summary_large_image","twitter_misc":{"Szerz\u0151:":"admin","Becs\u00fclt olvas\u00e1si id\u0151":"1 perc"},"schema":{"@context":"https:\/\/schema.org","@graph":[{"@type":"Article","@id":"https:\/\/bukovoda.hu\/?p=1501#article","isPartOf":{"@id":"https:\/\/bukovoda.hu\/?p=1501"},"author":{"name":"admin","@id":"https:\/\/bukovoda.hu\/#\/schema\/person\/063eb8a6e2220a58a47ec537d3d8d987"},"headline":"Sz\u00fcl\u0151i \u00e9rtekezlet","datePublished":"2025-07-08T11:24:46+00:00","dateModified":"2025-07-08T11:30:38+00:00","mainEntityOfPage":{"@id":"https:\/\/bukovoda.hu\/?p=1501"},"wordCount":141,"publisher":{"@id":"https:\/\/bukovoda.hu\/#organization"},"articleSection":["Kategoriz\u00e1latlan"],"inLanguage":"hu"},{"@type":"WebPage","@id":"https:\/\/bukovoda.hu\/?p=1501","url":"https:\/\/bukovoda.hu\/?p=1501","name":"Sz\u00fcl\u0151i \u00e9rtekezlet - Csodaorsz\u00e1g \u00d3voda, B\u00f6lcs\u0151de \u00e9s K\u00f6z\u00e9tkeztet\u00e9st Ell\u00e1t\u00f3 Int\u00e9zm\u00e9ny","isPartOf":{"@id":"https:\/\/bukovoda.hu\/#website"},"datePublished":"2025-07-08T11:24:46+00:00","dateModified":"2025-07-08T11:30:38+00:00","breadcrumb":{"@id":"https:\/\/bukovoda.hu\/?p=1501#breadcrumb"},"inLanguage":"hu","potentialAction":[{"@type":"ReadAction","target":["https:\/\/bukovoda.hu\/?p=1501"]}]},{"@type":"BreadcrumbList","@id":"https:\/\/bukovoda.hu\/?p=1501#breadcrumb","itemListElement":[{"@type":"ListItem","position":1,"name":"Kezd\u0151lap","item":"https:\/\/bukovoda.hu\/"},{"@type":"ListItem","position":2,"name":"Sz\u00fcl\u0151i \u00e9rtekezlet"}]},{"@type":"WebSite","@id":"https:\/\/bukovoda.hu\/#website","url":"https:\/\/bukovoda.hu\/","name":"Csodaorsz\u00e1g \u00d3voda, B\u00f6lcs\u0151de \u00e9s K\u00f6z\u00e9tkeztet\u00e9st Ell\u00e1t\u00f3 Int\u00e9zm\u00e9ny","description":"","publisher":{"@id":"https:\/\/bukovoda.hu\/#organization"},"potentialAction":[{"@type":"SearchAction","target":{"@type":"EntryPoint","urlTemplate":"https:\/\/bukovoda.hu\/?s={search_term_string}"},"query-input":"required name=search_term_string"}],"inLanguage":"hu"},{"@type":"Organization","@id":"https:\/\/bukovoda.hu\/#organization","name":"Csodaorsz\u00e1g \u00d3voda, B\u00f6lcs\u0151de \u00e9s K\u00f6z\u00e9tkeztet\u00e9st Ell\u00e1t\u00f3 Int\u00e9zm\u00e9ny","url":"https:\/\/bukovoda.hu\/","logo":{"@type":"ImageObject","inLanguage":"hu","@id":"https:\/\/bukovoda.hu\/#\/schema\/logo\/image\/","url":"https:\/\/bukovoda.hu\/wp-content\/uploads\/2024\/02\/cropped-cropped-Csodaorszag_ovoda-Logo-4-Color.jpg","contentUrl":"https:\/\/bukovoda.hu\/wp-content\/uploads\/2024\/02\/cropped-cropped-Csodaorszag_ovoda-Logo-4-Color.jpg","width":508,"height":239,"caption":"Csodaorsz\u00e1g \u00d3voda, B\u00f6lcs\u0151de \u00e9s K\u00f6z\u00e9tkeztet\u00e9st Ell\u00e1t\u00f3 Int\u00e9zm\u00e9ny"},"image":{"@id":"https:\/\/bukovoda.hu\/#\/schema\/logo\/image\/"}},{"@type":"Person","@id":"https:\/\/bukovoda.hu\/#\/schema\/person\/063eb8a6e2220a58a47ec537d3d8d987","name":"admin","image":{"@type":"ImageObject","inLanguage":"hu","@id":"https:\/\/bukovoda.hu\/#\/schema\/person\/image\/","url":"https:\/\/secure.gravatar.com\/avatar\/7136ebe7fb9d20a1b83ec64b32e87d01?s=96&d=mm&r=g","contentUrl":"https:\/\/secure.gravatar.com\/avatar\/7136ebe7fb9d20a1b83ec64b32e87d01?s=96&d=mm&r=g","caption":"admin"},"sameAs":["https:\/\/bukovoda.hu"],"url":"https:\/\/bukovoda.hu\/?author=1"}]}},"jetpack_featured_media_url":"","blog_post_layout_featured_media_urls":{"thumbnail":"","full":""},"categories_names":{"1":{"name":"Kategoriz\u00e1latlan","link":"https:\/\/bukovoda.hu\/?cat=1"}},"tags_names":[],"comments_number":"0","_links":{"self":[{"href":"https:\/\/bukovoda.hu\/index.php?rest_route=\/wp\/v2\/posts\/1501"}],"collection":[{"href":"https:\/\/bukovoda.hu\/index.php?rest_route=\/wp\/v2\/posts"}],"about":[{"href":"https:\/\/bukovoda.hu\/index.php?rest_route=\/wp\/v2\/types\/post"}],"author":[{"embeddable":true,"href":"https:\/\/bukovoda.hu\/index.php?rest_route=\/wp\/v2\/users\/1"}],"replies":[{"embeddable":true,"href":"https:\/\/bukovoda.hu\/index.php?rest_route=%2Fwp%2Fv2%2Fcomments&post=1501"}],"version-history":[{"count":4,"href":"https:\/\/bukovoda.hu\/index.php?rest_route=\/wp\/v2\/posts\/1501\/revisions"}],"predecessor-version":[{"id":1510,"href":"https:\/\/bukovoda.hu\/index.php?rest_route=\/wp\/v2\/posts\/1501\/revisions\/1510"}],"wp:attachment":[{"href":"https:\/\/bukovoda.hu\/index.php?rest_route=%2Fwp%2Fv2%2Fmedia&parent=1501"}],"wp:term":[{"taxonomy":"category","embeddable":true,"href":"https:\/\/bukovoda.hu\/index.php?rest_route=%2Fwp%2Fv2%2Fcategories&post=1501"},{"taxonomy":"post_tag","embeddable":true,"href":"https:\/\/bukovoda.hu\/index.php?rest_route=%2Fwp%2Fv2%2Ftags&post=1501"},{"taxonomy":"table_tags","embeddable":true,"href":"https:\/\/bukovoda.hu\/index.php?rest_route=%2Fwp%2Fv2%2Ftable_tags&post=1501"}],"curies":[{"name":"wp","href":"https:\/\/api.w.org\/{rel}","templated":true}]}}