{"id":653,"date":"2024-08-02T07:09:25","date_gmt":"2024-08-02T07:09:25","guid":{"rendered":"https:\/\/bukovoda.hsro.hu\/?p=653"},"modified":"2024-08-05T08:49:18","modified_gmt":"2024-08-05T08:49:18","slug":"meghivas-ovodai-bucsuztatasra","status":"publish","type":"post","link":"https:\/\/bukovoda.hu\/?p=653","title":{"rendered":"Megh\u00edv\u00e1s \u00f3v\u00f3dai b\u00facs\u00faztat\u00e1sra"},"content":{"rendered":"\n<p class=\"has-black-color has-text-color has-link-color wp-elements-743bd64c1672872031dc117a5231d4e9\">Kedves Sz\u00fcl\u0151k!<\/p>\n\n\n\n<p class=\"has-black-color has-text-color has-link-color wp-elements-cb80eb7fa5759e6201e624072f8a1d16\">Hamarosan elj\u00f6n az a nap, mikor a nagycsoportosainkb\u00f3l iskol\u00e1sok lesznek.<\/p>\n\n\n\n<p class=\"has-black-color has-text-color has-link-color wp-elements-2aa0ff7b30e53c1ba09c49570bf4a3fc\">\u00d3vod\u00e1saink b\u00facs\u00faj\u00e1t az \u00f3vod\u00e1nkt\u00f3l <strong>2024.08.30 -\u00e1n 9 \u00f3rakor tartjuk, \u00f3vod\u00e1nk udvar\u00e1n<\/strong>, melyre szeretettel v\u00e1runk mindenkit.<\/p>\n\n\n\n<p class=\"has-black-color has-text-color has-link-color wp-elements-0c7acbf0d732f82d58363d937e2a7592\">\u00dcdv\u00f6zlettel,<br>\u00d3vod\u00e1nk dolgoz\u00f3i<\/p>\n\n\n\n<figure class=\"wp-block-image size-large\"><img fetchpriority=\"high\" decoding=\"async\" width=\"732\" height=\"1024\" src=\"https:\/\/bukovoda.hu\/wp-content\/uploads\/2024\/08\/Petite-Floral-Patterned-Wedding-Invitation-732x1024.jpg\" alt=\"\" class=\"wp-image-654\" srcset=\"https:\/\/bukovoda.hu\/wp-content\/uploads\/2024\/08\/Petite-Floral-Patterned-Wedding-Invitation-732x1024.jpg 732w, https:\/\/bukovoda.hu\/wp-content\/uploads\/2024\/08\/Petite-Floral-Patterned-Wedding-Invitation-214x300.jpg 214w, https:\/\/bukovoda.hu\/wp-content\/uploads\/2024\/08\/Petite-Floral-Patterned-Wedding-Invitation-768x1075.jpg 768w, https:\/\/bukovoda.hu\/wp-content\/uploads\/2024\/08\/Petite-Floral-Patterned-Wedding-Invitation-1097x1536.jpg 1097w, https:\/\/bukovoda.hu\/wp-content\/uploads\/2024\/08\/Petite-Floral-Patterned-Wedding-Invitation.jpg 1429w\" sizes=\"(max-width: 732px) 100vw, 732px\" \/><\/figure>\n","protected":false},"excerpt":{"rendered":"<p>Kedves Sz\u00fcl\u0151k! Hamarosan elj\u00f6n az a nap, mikor a nagycsoportosainkb\u00f3l iskol\u00e1sok lesznek. \u00d3vod\u00e1saink b\u00facs\u00faj\u00e1t az \u00f3vod\u00e1nkt\u00f3l 2024.08.30 -\u00e1n 9 \u00f3rakor tartjuk, \u00f3vod\u00e1nk udvar\u00e1n, melyre szeretettel v\u00e1runk mindenkit. \u00dcdv\u00f6zlettel,\u00d3vod\u00e1nk dolgoz\u00f3i<\/p>\n","protected":false},"author":1,"featured_media":0,"comment_status":"closed","ping_status":"open","sticky":false,"template":"","format":"standard","meta":{"ngg_post_thumbnail":0,"footnotes":""},"categories":[1],"tags":[],"table_tags":[],"class_list":["post-653","post","type-post","status-publish","format-standard","hentry","category-kategorizalatlan"],"yoast_head":"<!-- This site is optimized with the Yoast SEO plugin v21.9.1 - https:\/\/yoast.com\/wordpress\/plugins\/seo\/ -->\n<title>Megh\u00edv\u00e1s \u00f3v\u00f3dai b\u00facs\u00faztat\u00e1sra - Csodaorsz\u00e1g \u00d3voda, B\u00f6lcs\u0151de \u00e9s K\u00f6z\u00e9tkeztet\u00e9st Ell\u00e1t\u00f3 Int\u00e9zm\u00e9ny<\/title>\n<meta name=\"robots\" content=\"index, follow, max-snippet:-1, max-image-preview:large, max-video-preview:-1\" \/>\n<link rel=\"canonical\" href=\"https:\/\/bukovoda.hu\/?p=653\" \/>\n<meta property=\"og:locale\" content=\"hu_HU\" \/>\n<meta property=\"og:type\" content=\"article\" \/>\n<meta property=\"og:title\" content=\"Megh\u00edv\u00e1s \u00f3v\u00f3dai b\u00facs\u00faztat\u00e1sra - Csodaorsz\u00e1g \u00d3voda, B\u00f6lcs\u0151de \u00e9s K\u00f6z\u00e9tkeztet\u00e9st Ell\u00e1t\u00f3 Int\u00e9zm\u00e9ny\" \/>\n<meta property=\"og:description\" content=\"Kedves Sz\u00fcl\u0151k! Hamarosan elj\u00f6n az a nap, mikor a nagycsoportosainkb\u00f3l iskol\u00e1sok lesznek. \u00d3vod\u00e1saink b\u00facs\u00faj\u00e1t az \u00f3vod\u00e1nkt\u00f3l 2024.08.30 -\u00e1n 9 \u00f3rakor tartjuk, \u00f3vod\u00e1nk udvar\u00e1n, melyre szeretettel v\u00e1runk mindenkit. \u00dcdv\u00f6zlettel,\u00d3vod\u00e1nk dolgoz\u00f3i\" \/>\n<meta property=\"og:url\" content=\"https:\/\/bukovoda.hu\/?p=653\" \/>\n<meta property=\"og:site_name\" content=\"Csodaorsz\u00e1g \u00d3voda, B\u00f6lcs\u0151de \u00e9s K\u00f6z\u00e9tkeztet\u00e9st Ell\u00e1t\u00f3 Int\u00e9zm\u00e9ny\" \/>\n<meta property=\"article:published_time\" content=\"2024-08-02T07:09:25+00:00\" \/>\n<meta property=\"article:modified_time\" content=\"2024-08-05T08:49:18+00:00\" \/>\n<meta property=\"og:image\" content=\"https:\/\/bukovoda.hu\/wp-content\/uploads\/2024\/08\/Petite-Floral-Patterned-Wedding-Invitation-732x1024.jpg\" \/>\n<meta name=\"author\" content=\"admin\" \/>\n<meta name=\"twitter:card\" content=\"summary_large_image\" \/>\n<meta name=\"twitter:label1\" content=\"Szerz\u0151:\" \/>\n\t<meta name=\"twitter:data1\" content=\"admin\" \/>\n\t<meta name=\"twitter:label2\" content=\"Becs\u00fclt olvas\u00e1si id\u0151\" \/>\n\t<meta name=\"twitter:data2\" content=\"1 perc\" \/>\n<script type=\"application\/ld+json\" class=\"yoast-schema-graph\">{\"@context\":\"https:\/\/schema.org\",\"@graph\":[{\"@type\":\"Article\",\"@id\":\"https:\/\/bukovoda.hu\/?p=653#article\",\"isPartOf\":{\"@id\":\"https:\/\/bukovoda.hu\/?p=653\"},\"author\":{\"name\":\"admin\",\"@id\":\"https:\/\/bukovoda.hu\/#\/schema\/person\/063eb8a6e2220a58a47ec537d3d8d987\"},\"headline\":\"Megh\u00edv\u00e1s \u00f3v\u00f3dai b\u00facs\u00faztat\u00e1sra\",\"datePublished\":\"2024-08-02T07:09:25+00:00\",\"dateModified\":\"2024-08-05T08:49:18+00:00\",\"mainEntityOfPage\":{\"@id\":\"https:\/\/bukovoda.hu\/?p=653\"},\"wordCount\":55,\"publisher\":{\"@id\":\"https:\/\/bukovoda.hu\/#organization\"},\"articleSection\":[\"Kategoriz\u00e1latlan\"],\"inLanguage\":\"hu\"},{\"@type\":\"WebPage\",\"@id\":\"https:\/\/bukovoda.hu\/?p=653\",\"url\":\"https:\/\/bukovoda.hu\/?p=653\",\"name\":\"Megh\u00edv\u00e1s \u00f3v\u00f3dai b\u00facs\u00faztat\u00e1sra - Csodaorsz\u00e1g \u00d3voda, B\u00f6lcs\u0151de \u00e9s K\u00f6z\u00e9tkeztet\u00e9st Ell\u00e1t\u00f3 Int\u00e9zm\u00e9ny\",\"isPartOf\":{\"@id\":\"https:\/\/bukovoda.hu\/#website\"},\"datePublished\":\"2024-08-02T07:09:25+00:00\",\"dateModified\":\"2024-08-05T08:49:18+00:00\",\"breadcrumb\":{\"@id\":\"https:\/\/bukovoda.hu\/?p=653#breadcrumb\"},\"inLanguage\":\"hu\",\"potentialAction\":[{\"@type\":\"ReadAction\",\"target\":[\"https:\/\/bukovoda.hu\/?p=653\"]}]},{\"@type\":\"BreadcrumbList\",\"@id\":\"https:\/\/bukovoda.hu\/?p=653#breadcrumb\",\"itemListElement\":[{\"@type\":\"ListItem\",\"position\":1,\"name\":\"Kezd\u0151lap\",\"item\":\"https:\/\/bukovoda.hu\/\"},{\"@type\":\"ListItem\",\"position\":2,\"name\":\"Megh\u00edv\u00e1s \u00f3v\u00f3dai b\u00facs\u00faztat\u00e1sra\"}]},{\"@type\":\"WebSite\",\"@id\":\"https:\/\/bukovoda.hu\/#website\",\"url\":\"https:\/\/bukovoda.hu\/\",\"name\":\"Csodaorsz\u00e1g \u00d3voda, B\u00f6lcs\u0151de \u00e9s K\u00f6z\u00e9tkeztet\u00e9st Ell\u00e1t\u00f3 Int\u00e9zm\u00e9ny\",\"description\":\"\",\"publisher\":{\"@id\":\"https:\/\/bukovoda.hu\/#organization\"},\"potentialAction\":[{\"@type\":\"SearchAction\",\"target\":{\"@type\":\"EntryPoint\",\"urlTemplate\":\"https:\/\/bukovoda.hu\/?s={search_term_string}\"},\"query-input\":\"required name=search_term_string\"}],\"inLanguage\":\"hu\"},{\"@type\":\"Organization\",\"@id\":\"https:\/\/bukovoda.hu\/#organization\",\"name\":\"Csodaorsz\u00e1g \u00d3voda, B\u00f6lcs\u0151de \u00e9s K\u00f6z\u00e9tkeztet\u00e9st Ell\u00e1t\u00f3 Int\u00e9zm\u00e9ny\",\"url\":\"https:\/\/bukovoda.hu\/\",\"logo\":{\"@type\":\"ImageObject\",\"inLanguage\":\"hu\",\"@id\":\"https:\/\/bukovoda.hu\/#\/schema\/logo\/image\/\",\"url\":\"https:\/\/bukovoda.hu\/wp-content\/uploads\/2024\/02\/cropped-cropped-Csodaorszag_ovoda-Logo-4-Color.jpg\",\"contentUrl\":\"https:\/\/bukovoda.hu\/wp-content\/uploads\/2024\/02\/cropped-cropped-Csodaorszag_ovoda-Logo-4-Color.jpg\",\"width\":508,\"height\":239,\"caption\":\"Csodaorsz\u00e1g \u00d3voda, B\u00f6lcs\u0151de \u00e9s K\u00f6z\u00e9tkeztet\u00e9st Ell\u00e1t\u00f3 Int\u00e9zm\u00e9ny\"},\"image\":{\"@id\":\"https:\/\/bukovoda.hu\/#\/schema\/logo\/image\/\"}},{\"@type\":\"Person\",\"@id\":\"https:\/\/bukovoda.hu\/#\/schema\/person\/063eb8a6e2220a58a47ec537d3d8d987\",\"name\":\"admin\",\"image\":{\"@type\":\"ImageObject\",\"inLanguage\":\"hu\",\"@id\":\"https:\/\/bukovoda.hu\/#\/schema\/person\/image\/\",\"url\":\"https:\/\/secure.gravatar.com\/avatar\/7136ebe7fb9d20a1b83ec64b32e87d01?s=96&d=mm&r=g\",\"contentUrl\":\"https:\/\/secure.gravatar.com\/avatar\/7136ebe7fb9d20a1b83ec64b32e87d01?s=96&d=mm&r=g\",\"caption\":\"admin\"},\"sameAs\":[\"https:\/\/bukovoda.hu\"],\"url\":\"https:\/\/bukovoda.hu\/?author=1\"}]}<\/script>\n<!-- \/ Yoast SEO plugin. -->","yoast_head_json":{"title":"Megh\u00edv\u00e1s \u00f3v\u00f3dai b\u00facs\u00faztat\u00e1sra - Csodaorsz\u00e1g \u00d3voda, B\u00f6lcs\u0151de \u00e9s K\u00f6z\u00e9tkeztet\u00e9st Ell\u00e1t\u00f3 Int\u00e9zm\u00e9ny","robots":{"index":"index","follow":"follow","max-snippet":"max-snippet:-1","max-image-preview":"max-image-preview:large","max-video-preview":"max-video-preview:-1"},"canonical":"https:\/\/bukovoda.hu\/?p=653","og_locale":"hu_HU","og_type":"article","og_title":"Megh\u00edv\u00e1s \u00f3v\u00f3dai b\u00facs\u00faztat\u00e1sra - Csodaorsz\u00e1g \u00d3voda, B\u00f6lcs\u0151de \u00e9s K\u00f6z\u00e9tkeztet\u00e9st Ell\u00e1t\u00f3 Int\u00e9zm\u00e9ny","og_description":"Kedves Sz\u00fcl\u0151k! Hamarosan elj\u00f6n az a nap, mikor a nagycsoportosainkb\u00f3l iskol\u00e1sok lesznek. \u00d3vod\u00e1saink b\u00facs\u00faj\u00e1t az \u00f3vod\u00e1nkt\u00f3l 2024.08.30 -\u00e1n 9 \u00f3rakor tartjuk, \u00f3vod\u00e1nk udvar\u00e1n, melyre szeretettel v\u00e1runk mindenkit. \u00dcdv\u00f6zlettel,\u00d3vod\u00e1nk dolgoz\u00f3i","og_url":"https:\/\/bukovoda.hu\/?p=653","og_site_name":"Csodaorsz\u00e1g \u00d3voda, B\u00f6lcs\u0151de \u00e9s K\u00f6z\u00e9tkeztet\u00e9st Ell\u00e1t\u00f3 Int\u00e9zm\u00e9ny","article_published_time":"2024-08-02T07:09:25+00:00","article_modified_time":"2024-08-05T08:49:18+00:00","og_image":[{"url":"https:\/\/bukovoda.hu\/wp-content\/uploads\/2024\/08\/Petite-Floral-Patterned-Wedding-Invitation-732x1024.jpg"}],"author":"admin","twitter_card":"summary_large_image","twitter_misc":{"Szerz\u0151:":"admin","Becs\u00fclt olvas\u00e1si id\u0151":"1 perc"},"schema":{"@context":"https:\/\/schema.org","@graph":[{"@type":"Article","@id":"https:\/\/bukovoda.hu\/?p=653#article","isPartOf":{"@id":"https:\/\/bukovoda.hu\/?p=653"},"author":{"name":"admin","@id":"https:\/\/bukovoda.hu\/#\/schema\/person\/063eb8a6e2220a58a47ec537d3d8d987"},"headline":"Megh\u00edv\u00e1s \u00f3v\u00f3dai b\u00facs\u00faztat\u00e1sra","datePublished":"2024-08-02T07:09:25+00:00","dateModified":"2024-08-05T08:49:18+00:00","mainEntityOfPage":{"@id":"https:\/\/bukovoda.hu\/?p=653"},"wordCount":55,"publisher":{"@id":"https:\/\/bukovoda.hu\/#organization"},"articleSection":["Kategoriz\u00e1latlan"],"inLanguage":"hu"},{"@type":"WebPage","@id":"https:\/\/bukovoda.hu\/?p=653","url":"https:\/\/bukovoda.hu\/?p=653","name":"Megh\u00edv\u00e1s \u00f3v\u00f3dai b\u00facs\u00faztat\u00e1sra - Csodaorsz\u00e1g \u00d3voda, B\u00f6lcs\u0151de \u00e9s K\u00f6z\u00e9tkeztet\u00e9st Ell\u00e1t\u00f3 Int\u00e9zm\u00e9ny","isPartOf":{"@id":"https:\/\/bukovoda.hu\/#website"},"datePublished":"2024-08-02T07:09:25+00:00","dateModified":"2024-08-05T08:49:18+00:00","breadcrumb":{"@id":"https:\/\/bukovoda.hu\/?p=653#breadcrumb"},"inLanguage":"hu","potentialAction":[{"@type":"ReadAction","target":["https:\/\/bukovoda.hu\/?p=653"]}]},{"@type":"BreadcrumbList","@id":"https:\/\/bukovoda.hu\/?p=653#breadcrumb","itemListElement":[{"@type":"ListItem","position":1,"name":"Kezd\u0151lap","item":"https:\/\/bukovoda.hu\/"},{"@type":"ListItem","position":2,"name":"Megh\u00edv\u00e1s \u00f3v\u00f3dai b\u00facs\u00faztat\u00e1sra"}]},{"@type":"WebSite","@id":"https:\/\/bukovoda.hu\/#website","url":"https:\/\/bukovoda.hu\/","name":"Csodaorsz\u00e1g \u00d3voda, B\u00f6lcs\u0151de \u00e9s K\u00f6z\u00e9tkeztet\u00e9st Ell\u00e1t\u00f3 Int\u00e9zm\u00e9ny","description":"","publisher":{"@id":"https:\/\/bukovoda.hu\/#organization"},"potentialAction":[{"@type":"SearchAction","target":{"@type":"EntryPoint","urlTemplate":"https:\/\/bukovoda.hu\/?s={search_term_string}"},"query-input":"required name=search_term_string"}],"inLanguage":"hu"},{"@type":"Organization","@id":"https:\/\/bukovoda.hu\/#organization","name":"Csodaorsz\u00e1g \u00d3voda, B\u00f6lcs\u0151de \u00e9s K\u00f6z\u00e9tkeztet\u00e9st Ell\u00e1t\u00f3 Int\u00e9zm\u00e9ny","url":"https:\/\/bukovoda.hu\/","logo":{"@type":"ImageObject","inLanguage":"hu","@id":"https:\/\/bukovoda.hu\/#\/schema\/logo\/image\/","url":"https:\/\/bukovoda.hu\/wp-content\/uploads\/2024\/02\/cropped-cropped-Csodaorszag_ovoda-Logo-4-Color.jpg","contentUrl":"https:\/\/bukovoda.hu\/wp-content\/uploads\/2024\/02\/cropped-cropped-Csodaorszag_ovoda-Logo-4-Color.jpg","width":508,"height":239,"caption":"Csodaorsz\u00e1g \u00d3voda, B\u00f6lcs\u0151de \u00e9s K\u00f6z\u00e9tkeztet\u00e9st Ell\u00e1t\u00f3 Int\u00e9zm\u00e9ny"},"image":{"@id":"https:\/\/bukovoda.hu\/#\/schema\/logo\/image\/"}},{"@type":"Person","@id":"https:\/\/bukovoda.hu\/#\/schema\/person\/063eb8a6e2220a58a47ec537d3d8d987","name":"admin","image":{"@type":"ImageObject","inLanguage":"hu","@id":"https:\/\/bukovoda.hu\/#\/schema\/person\/image\/","url":"https:\/\/secure.gravatar.com\/avatar\/7136ebe7fb9d20a1b83ec64b32e87d01?s=96&d=mm&r=g","contentUrl":"https:\/\/secure.gravatar.com\/avatar\/7136ebe7fb9d20a1b83ec64b32e87d01?s=96&d=mm&r=g","caption":"admin"},"sameAs":["https:\/\/bukovoda.hu"],"url":"https:\/\/bukovoda.hu\/?author=1"}]}},"jetpack_featured_media_url":"","blog_post_layout_featured_media_urls":{"thumbnail":"","full":""},"categories_names":{"1":{"name":"Kategoriz\u00e1latlan","link":"https:\/\/bukovoda.hu\/?cat=1"}},"tags_names":[],"comments_number":"0","_links":{"self":[{"href":"https:\/\/bukovoda.hu\/index.php?rest_route=\/wp\/v2\/posts\/653"}],"collection":[{"href":"https:\/\/bukovoda.hu\/index.php?rest_route=\/wp\/v2\/posts"}],"about":[{"href":"https:\/\/bukovoda.hu\/index.php?rest_route=\/wp\/v2\/types\/post"}],"author":[{"embeddable":true,"href":"https:\/\/bukovoda.hu\/index.php?rest_route=\/wp\/v2\/users\/1"}],"replies":[{"embeddable":true,"href":"https:\/\/bukovoda.hu\/index.php?rest_route=%2Fwp%2Fv2%2Fcomments&post=653"}],"version-history":[{"count":2,"href":"https:\/\/bukovoda.hu\/index.php?rest_route=\/wp\/v2\/posts\/653\/revisions"}],"predecessor-version":[{"id":663,"href":"https:\/\/bukovoda.hu\/index.php?rest_route=\/wp\/v2\/posts\/653\/revisions\/663"}],"wp:attachment":[{"href":"https:\/\/bukovoda.hu\/index.php?rest_route=%2Fwp%2Fv2%2Fmedia&parent=653"}],"wp:term":[{"taxonomy":"category","embeddable":true,"href":"https:\/\/bukovoda.hu\/index.php?rest_route=%2Fwp%2Fv2%2Fcategories&post=653"},{"taxonomy":"post_tag","embeddable":true,"href":"https:\/\/bukovoda.hu\/index.php?rest_route=%2Fwp%2Fv2%2Ftags&post=653"},{"taxonomy":"table_tags","embeddable":true,"href":"https:\/\/bukovoda.hu\/index.php?rest_route=%2Fwp%2Fv2%2Ftable_tags&post=653"}],"curies":[{"name":"wp","href":"https:\/\/api.w.org\/{rel}","templated":true}]}}