{"id":698,"date":"2024-09-11T14:56:48","date_gmt":"2024-09-11T14:56:48","guid":{"rendered":"https:\/\/bukovoda.hu\/?p=698"},"modified":"2024-09-11T14:59:09","modified_gmt":"2024-09-11T14:59:09","slug":"logopediai-szuloi-ertekezlet","status":"publish","type":"post","link":"https:\/\/bukovoda.hu\/?p=698","title":{"rendered":"Logop\u00e9diai sz\u00fcl\u0151i \u00e9rtekezlet"},"content":{"rendered":"\n<p class=\"has-text-align-center has-black-color has-text-color has-link-color wp-elements-cee0635c485ee6966b2caaed24d245b2\">Tisztelt Sz\u00fcl\u0151k!<\/p>\n\n\n\n<p class=\"has-text-align-left\"><strong>Logop\u00e9diai sz\u00fcl\u0151i \u00e9rtekezletet tartunk 2024. okt\u00f3ber 07-\u00e9n, h\u00e9tf\u0151n 17.00 \u00f3rakor a K\u00f6z\u00f6ss\u00e9gi teremben.<\/strong><\/p>\n\n\n\n<p class=\"has-text-align-left has-black-color has-text-color has-link-color wp-elements-c629812267363b08838118fc633bcc1b\"><strong><u>A logop\u00e9diai \u00e9rtekezlet t\u00e9m\u00e1ja:<\/u><\/strong> Iskola \u00e9retts\u00e9g, a tank\u00f6telezetts\u00e9g felt\u00e9telei, az Oktat\u00e1si Hivatal felment\u00e9si k\u00e9relmei, logop\u00e9diai \u00e9s egy\u00e9b fejleszt\u00e9sek a 2024-25-\u00f6s nevel\u00e9si \u00e9vben.<\/p>\n\n\n\n<p class=\"has-text-align-left has-black-color has-text-color has-link-color wp-elements-94c3069f8f4cde2eeb14bda78d79c0d5\">Els\u0151sorban a nagy csoportos kor\u00fa gyermekek sz\u00fcleire sz\u00e1m\u00edtunk, de szeretettel v\u00e1runk minden \u00e9rdekl\u0151d\u0151t!<\/p>\n\n\n\n<p class=\"has-text-align-left has-black-color has-text-color has-link-color wp-elements-e4d135db3dab9ef5648b7dfa1e37f901\">B\u00fck, 2024. 08. 28.<\/p>\n\n\n\n<p class=\"has-text-align-left has-black-color has-text-color has-link-color wp-elements-4d3a25b50f9cf6d2099d5bd9e8a15198\">T\u00f3th Vikt\u00f3ria M\u00e1ria<\/p>\n\n\n\n<p class=\"has-text-align-left has-black-color has-text-color has-link-color wp-elements-d6a7083d7bc49f3e143f41ca2dfadf93\">f\u0151igazgat\u00f3<\/p>\n\n\n\n<p>&nbsp;&nbsp;&nbsp;&nbsp;&nbsp;&nbsp;&nbsp;&nbsp;&nbsp;&nbsp;&nbsp;&nbsp;&nbsp;&nbsp;&nbsp;&nbsp;&nbsp;&nbsp;&nbsp;&nbsp;&nbsp;&nbsp;&nbsp;&nbsp;&nbsp;&nbsp;&nbsp;&nbsp;&nbsp;&nbsp;&nbsp;&nbsp;&nbsp;&nbsp;&nbsp;&nbsp;&nbsp;&nbsp;&nbsp;&nbsp;&nbsp;&nbsp;&nbsp;&nbsp;&nbsp;&nbsp;&nbsp;&nbsp;&nbsp;&nbsp;&nbsp;&nbsp;&nbsp;&nbsp;&nbsp;&nbsp;&nbsp;&nbsp;&nbsp;&nbsp;&nbsp;&nbsp;&nbsp;&nbsp;&nbsp;&nbsp;&nbsp;&nbsp;&nbsp;&nbsp; &nbsp;&nbsp;&nbsp;&nbsp;&nbsp;&nbsp;&nbsp;&nbsp;&nbsp;&nbsp;&nbsp;&nbsp;&nbsp;&nbsp;&nbsp;&nbsp;&nbsp;&nbsp;&nbsp;&nbsp;&nbsp;&nbsp;&nbsp;&nbsp;&nbsp;&nbsp;&nbsp;&nbsp;&nbsp;&nbsp;&nbsp;&nbsp;&nbsp;&nbsp;&nbsp;&nbsp;&nbsp;&nbsp;&nbsp;&nbsp;&nbsp;&nbsp;&nbsp;&nbsp;&nbsp;&nbsp;&nbsp;&nbsp;&nbsp;&nbsp;&nbsp;&nbsp;&nbsp;&nbsp;&nbsp;&nbsp;&nbsp;&nbsp;&nbsp;&nbsp;&nbsp;&nbsp;&nbsp;&nbsp;&nbsp;&nbsp;&nbsp;&nbsp;&nbsp;&nbsp;&nbsp;&nbsp;&nbsp;<\/p>\n\n\n\n<p class=\"has-text-align-right has-black-color has-text-color has-link-color wp-elements-e8ad3e4bcca11e146580ff702bb127b6\">Farkasn\u00e9 B\u00faz\u00e1s T\u00fcnde, Patthy- Horv\u00e1th No\u00e9mi<\/p>\n\n\n\n<p class=\"has-text-align-right has-black-color has-text-color has-link-color wp-elements-1d3e93033e422ae552635fc9099eab03\">logop\u00e9dus- gy\u00f3gypedag\u00f3gus<\/p>\n\n\n\n<p><\/p>\n","protected":false},"excerpt":{"rendered":"<p>Tisztelt Sz\u00fcl\u0151k! Logop\u00e9diai sz\u00fcl\u0151i \u00e9rtekezletet tartunk 2024. okt\u00f3ber 07-\u00e9n, h\u00e9tf\u0151n 17.00 \u00f3rakor a K\u00f6z\u00f6ss\u00e9gi teremben. A logop\u00e9diai \u00e9rtekezlet t\u00e9m\u00e1ja: Iskola \u00e9retts\u00e9g, a tank\u00f6telezetts\u00e9g felt\u00e9telei, az Oktat\u00e1si Hivatal felment\u00e9si k\u00e9relmei, logop\u00e9diai \u00e9s egy\u00e9b fejleszt\u00e9sek a 2024-25-\u00f6s nevel\u00e9si \u00e9vben. Els\u0151sorban a nagy [&hellip;]<\/p>\n","protected":false},"author":1,"featured_media":0,"comment_status":"closed","ping_status":"open","sticky":false,"template":"","format":"standard","meta":{"ngg_post_thumbnail":0,"footnotes":""},"categories":[1],"tags":[],"table_tags":[],"class_list":["post-698","post","type-post","status-publish","format-standard","hentry","category-kategorizalatlan"],"yoast_head":"<!-- This site is optimized with the Yoast SEO plugin v21.9.1 - https:\/\/yoast.com\/wordpress\/plugins\/seo\/ -->\n<title>Logop\u00e9diai sz\u00fcl\u0151i \u00e9rtekezlet - Csodaorsz\u00e1g \u00d3voda, B\u00f6lcs\u0151de \u00e9s K\u00f6z\u00e9tkeztet\u00e9st Ell\u00e1t\u00f3 Int\u00e9zm\u00e9ny<\/title>\n<meta name=\"robots\" content=\"index, follow, max-snippet:-1, max-image-preview:large, max-video-preview:-1\" \/>\n<link rel=\"canonical\" href=\"https:\/\/bukovoda.hu\/?p=698\" \/>\n<meta property=\"og:locale\" content=\"hu_HU\" \/>\n<meta property=\"og:type\" content=\"article\" \/>\n<meta property=\"og:title\" content=\"Logop\u00e9diai sz\u00fcl\u0151i \u00e9rtekezlet - Csodaorsz\u00e1g \u00d3voda, B\u00f6lcs\u0151de \u00e9s K\u00f6z\u00e9tkeztet\u00e9st Ell\u00e1t\u00f3 Int\u00e9zm\u00e9ny\" \/>\n<meta property=\"og:description\" content=\"Tisztelt Sz\u00fcl\u0151k! Logop\u00e9diai sz\u00fcl\u0151i \u00e9rtekezletet tartunk 2024. okt\u00f3ber 07-\u00e9n, h\u00e9tf\u0151n 17.00 \u00f3rakor a K\u00f6z\u00f6ss\u00e9gi teremben. A logop\u00e9diai \u00e9rtekezlet t\u00e9m\u00e1ja: Iskola \u00e9retts\u00e9g, a tank\u00f6telezetts\u00e9g felt\u00e9telei, az Oktat\u00e1si Hivatal felment\u00e9si k\u00e9relmei, logop\u00e9diai \u00e9s egy\u00e9b fejleszt\u00e9sek a 2024-25-\u00f6s nevel\u00e9si \u00e9vben. Els\u0151sorban a nagy [&hellip;]\" \/>\n<meta property=\"og:url\" content=\"https:\/\/bukovoda.hu\/?p=698\" \/>\n<meta property=\"og:site_name\" content=\"Csodaorsz\u00e1g \u00d3voda, B\u00f6lcs\u0151de \u00e9s K\u00f6z\u00e9tkeztet\u00e9st Ell\u00e1t\u00f3 Int\u00e9zm\u00e9ny\" \/>\n<meta property=\"article:published_time\" content=\"2024-09-11T14:56:48+00:00\" \/>\n<meta property=\"article:modified_time\" content=\"2024-09-11T14:59:09+00:00\" \/>\n<meta name=\"author\" content=\"admin\" \/>\n<meta name=\"twitter:card\" content=\"summary_large_image\" \/>\n<meta name=\"twitter:label1\" content=\"Szerz\u0151:\" \/>\n\t<meta name=\"twitter:data1\" content=\"admin\" \/>\n\t<meta name=\"twitter:label2\" content=\"Becs\u00fclt olvas\u00e1si id\u0151\" \/>\n\t<meta name=\"twitter:data2\" content=\"1 perc\" \/>\n<script type=\"application\/ld+json\" class=\"yoast-schema-graph\">{\"@context\":\"https:\/\/schema.org\",\"@graph\":[{\"@type\":\"Article\",\"@id\":\"https:\/\/bukovoda.hu\/?p=698#article\",\"isPartOf\":{\"@id\":\"https:\/\/bukovoda.hu\/?p=698\"},\"author\":{\"name\":\"admin\",\"@id\":\"https:\/\/bukovoda.hu\/#\/schema\/person\/063eb8a6e2220a58a47ec537d3d8d987\"},\"headline\":\"Logop\u00e9diai sz\u00fcl\u0151i \u00e9rtekezlet\",\"datePublished\":\"2024-09-11T14:56:48+00:00\",\"dateModified\":\"2024-09-11T14:59:09+00:00\",\"mainEntityOfPage\":{\"@id\":\"https:\/\/bukovoda.hu\/?p=698\"},\"wordCount\":258,\"publisher\":{\"@id\":\"https:\/\/bukovoda.hu\/#organization\"},\"articleSection\":[\"Kategoriz\u00e1latlan\"],\"inLanguage\":\"hu\"},{\"@type\":\"WebPage\",\"@id\":\"https:\/\/bukovoda.hu\/?p=698\",\"url\":\"https:\/\/bukovoda.hu\/?p=698\",\"name\":\"Logop\u00e9diai sz\u00fcl\u0151i \u00e9rtekezlet - Csodaorsz\u00e1g \u00d3voda, B\u00f6lcs\u0151de \u00e9s K\u00f6z\u00e9tkeztet\u00e9st Ell\u00e1t\u00f3 Int\u00e9zm\u00e9ny\",\"isPartOf\":{\"@id\":\"https:\/\/bukovoda.hu\/#website\"},\"datePublished\":\"2024-09-11T14:56:48+00:00\",\"dateModified\":\"2024-09-11T14:59:09+00:00\",\"breadcrumb\":{\"@id\":\"https:\/\/bukovoda.hu\/?p=698#breadcrumb\"},\"inLanguage\":\"hu\",\"potentialAction\":[{\"@type\":\"ReadAction\",\"target\":[\"https:\/\/bukovoda.hu\/?p=698\"]}]},{\"@type\":\"BreadcrumbList\",\"@id\":\"https:\/\/bukovoda.hu\/?p=698#breadcrumb\",\"itemListElement\":[{\"@type\":\"ListItem\",\"position\":1,\"name\":\"Kezd\u0151lap\",\"item\":\"https:\/\/bukovoda.hu\/\"},{\"@type\":\"ListItem\",\"position\":2,\"name\":\"Logop\u00e9diai sz\u00fcl\u0151i \u00e9rtekezlet\"}]},{\"@type\":\"WebSite\",\"@id\":\"https:\/\/bukovoda.hu\/#website\",\"url\":\"https:\/\/bukovoda.hu\/\",\"name\":\"Csodaorsz\u00e1g \u00d3voda, B\u00f6lcs\u0151de \u00e9s K\u00f6z\u00e9tkeztet\u00e9st Ell\u00e1t\u00f3 Int\u00e9zm\u00e9ny\",\"description\":\"\",\"publisher\":{\"@id\":\"https:\/\/bukovoda.hu\/#organization\"},\"potentialAction\":[{\"@type\":\"SearchAction\",\"target\":{\"@type\":\"EntryPoint\",\"urlTemplate\":\"https:\/\/bukovoda.hu\/?s={search_term_string}\"},\"query-input\":\"required name=search_term_string\"}],\"inLanguage\":\"hu\"},{\"@type\":\"Organization\",\"@id\":\"https:\/\/bukovoda.hu\/#organization\",\"name\":\"Csodaorsz\u00e1g \u00d3voda, B\u00f6lcs\u0151de \u00e9s K\u00f6z\u00e9tkeztet\u00e9st Ell\u00e1t\u00f3 Int\u00e9zm\u00e9ny\",\"url\":\"https:\/\/bukovoda.hu\/\",\"logo\":{\"@type\":\"ImageObject\",\"inLanguage\":\"hu\",\"@id\":\"https:\/\/bukovoda.hu\/#\/schema\/logo\/image\/\",\"url\":\"https:\/\/bukovoda.hu\/wp-content\/uploads\/2024\/02\/cropped-cropped-Csodaorszag_ovoda-Logo-4-Color.jpg\",\"contentUrl\":\"https:\/\/bukovoda.hu\/wp-content\/uploads\/2024\/02\/cropped-cropped-Csodaorszag_ovoda-Logo-4-Color.jpg\",\"width\":508,\"height\":239,\"caption\":\"Csodaorsz\u00e1g \u00d3voda, B\u00f6lcs\u0151de \u00e9s K\u00f6z\u00e9tkeztet\u00e9st Ell\u00e1t\u00f3 Int\u00e9zm\u00e9ny\"},\"image\":{\"@id\":\"https:\/\/bukovoda.hu\/#\/schema\/logo\/image\/\"}},{\"@type\":\"Person\",\"@id\":\"https:\/\/bukovoda.hu\/#\/schema\/person\/063eb8a6e2220a58a47ec537d3d8d987\",\"name\":\"admin\",\"image\":{\"@type\":\"ImageObject\",\"inLanguage\":\"hu\",\"@id\":\"https:\/\/bukovoda.hu\/#\/schema\/person\/image\/\",\"url\":\"https:\/\/secure.gravatar.com\/avatar\/7136ebe7fb9d20a1b83ec64b32e87d01?s=96&d=mm&r=g\",\"contentUrl\":\"https:\/\/secure.gravatar.com\/avatar\/7136ebe7fb9d20a1b83ec64b32e87d01?s=96&d=mm&r=g\",\"caption\":\"admin\"},\"sameAs\":[\"https:\/\/bukovoda.hu\"],\"url\":\"https:\/\/bukovoda.hu\/?author=1\"}]}<\/script>\n<!-- \/ Yoast SEO plugin. -->","yoast_head_json":{"title":"Logop\u00e9diai sz\u00fcl\u0151i \u00e9rtekezlet - Csodaorsz\u00e1g \u00d3voda, B\u00f6lcs\u0151de \u00e9s K\u00f6z\u00e9tkeztet\u00e9st Ell\u00e1t\u00f3 Int\u00e9zm\u00e9ny","robots":{"index":"index","follow":"follow","max-snippet":"max-snippet:-1","max-image-preview":"max-image-preview:large","max-video-preview":"max-video-preview:-1"},"canonical":"https:\/\/bukovoda.hu\/?p=698","og_locale":"hu_HU","og_type":"article","og_title":"Logop\u00e9diai sz\u00fcl\u0151i \u00e9rtekezlet - Csodaorsz\u00e1g \u00d3voda, B\u00f6lcs\u0151de \u00e9s K\u00f6z\u00e9tkeztet\u00e9st Ell\u00e1t\u00f3 Int\u00e9zm\u00e9ny","og_description":"Tisztelt Sz\u00fcl\u0151k! Logop\u00e9diai sz\u00fcl\u0151i \u00e9rtekezletet tartunk 2024. okt\u00f3ber 07-\u00e9n, h\u00e9tf\u0151n 17.00 \u00f3rakor a K\u00f6z\u00f6ss\u00e9gi teremben. A logop\u00e9diai \u00e9rtekezlet t\u00e9m\u00e1ja: Iskola \u00e9retts\u00e9g, a tank\u00f6telezetts\u00e9g felt\u00e9telei, az Oktat\u00e1si Hivatal felment\u00e9si k\u00e9relmei, logop\u00e9diai \u00e9s egy\u00e9b fejleszt\u00e9sek a 2024-25-\u00f6s nevel\u00e9si \u00e9vben. Els\u0151sorban a nagy [&hellip;]","og_url":"https:\/\/bukovoda.hu\/?p=698","og_site_name":"Csodaorsz\u00e1g \u00d3voda, B\u00f6lcs\u0151de \u00e9s K\u00f6z\u00e9tkeztet\u00e9st Ell\u00e1t\u00f3 Int\u00e9zm\u00e9ny","article_published_time":"2024-09-11T14:56:48+00:00","article_modified_time":"2024-09-11T14:59:09+00:00","author":"admin","twitter_card":"summary_large_image","twitter_misc":{"Szerz\u0151:":"admin","Becs\u00fclt olvas\u00e1si id\u0151":"1 perc"},"schema":{"@context":"https:\/\/schema.org","@graph":[{"@type":"Article","@id":"https:\/\/bukovoda.hu\/?p=698#article","isPartOf":{"@id":"https:\/\/bukovoda.hu\/?p=698"},"author":{"name":"admin","@id":"https:\/\/bukovoda.hu\/#\/schema\/person\/063eb8a6e2220a58a47ec537d3d8d987"},"headline":"Logop\u00e9diai sz\u00fcl\u0151i \u00e9rtekezlet","datePublished":"2024-09-11T14:56:48+00:00","dateModified":"2024-09-11T14:59:09+00:00","mainEntityOfPage":{"@id":"https:\/\/bukovoda.hu\/?p=698"},"wordCount":258,"publisher":{"@id":"https:\/\/bukovoda.hu\/#organization"},"articleSection":["Kategoriz\u00e1latlan"],"inLanguage":"hu"},{"@type":"WebPage","@id":"https:\/\/bukovoda.hu\/?p=698","url":"https:\/\/bukovoda.hu\/?p=698","name":"Logop\u00e9diai sz\u00fcl\u0151i \u00e9rtekezlet - Csodaorsz\u00e1g \u00d3voda, B\u00f6lcs\u0151de \u00e9s K\u00f6z\u00e9tkeztet\u00e9st Ell\u00e1t\u00f3 Int\u00e9zm\u00e9ny","isPartOf":{"@id":"https:\/\/bukovoda.hu\/#website"},"datePublished":"2024-09-11T14:56:48+00:00","dateModified":"2024-09-11T14:59:09+00:00","breadcrumb":{"@id":"https:\/\/bukovoda.hu\/?p=698#breadcrumb"},"inLanguage":"hu","potentialAction":[{"@type":"ReadAction","target":["https:\/\/bukovoda.hu\/?p=698"]}]},{"@type":"BreadcrumbList","@id":"https:\/\/bukovoda.hu\/?p=698#breadcrumb","itemListElement":[{"@type":"ListItem","position":1,"name":"Kezd\u0151lap","item":"https:\/\/bukovoda.hu\/"},{"@type":"ListItem","position":2,"name":"Logop\u00e9diai sz\u00fcl\u0151i \u00e9rtekezlet"}]},{"@type":"WebSite","@id":"https:\/\/bukovoda.hu\/#website","url":"https:\/\/bukovoda.hu\/","name":"Csodaorsz\u00e1g \u00d3voda, B\u00f6lcs\u0151de \u00e9s K\u00f6z\u00e9tkeztet\u00e9st Ell\u00e1t\u00f3 Int\u00e9zm\u00e9ny","description":"","publisher":{"@id":"https:\/\/bukovoda.hu\/#organization"},"potentialAction":[{"@type":"SearchAction","target":{"@type":"EntryPoint","urlTemplate":"https:\/\/bukovoda.hu\/?s={search_term_string}"},"query-input":"required name=search_term_string"}],"inLanguage":"hu"},{"@type":"Organization","@id":"https:\/\/bukovoda.hu\/#organization","name":"Csodaorsz\u00e1g \u00d3voda, B\u00f6lcs\u0151de \u00e9s K\u00f6z\u00e9tkeztet\u00e9st Ell\u00e1t\u00f3 Int\u00e9zm\u00e9ny","url":"https:\/\/bukovoda.hu\/","logo":{"@type":"ImageObject","inLanguage":"hu","@id":"https:\/\/bukovoda.hu\/#\/schema\/logo\/image\/","url":"https:\/\/bukovoda.hu\/wp-content\/uploads\/2024\/02\/cropped-cropped-Csodaorszag_ovoda-Logo-4-Color.jpg","contentUrl":"https:\/\/bukovoda.hu\/wp-content\/uploads\/2024\/02\/cropped-cropped-Csodaorszag_ovoda-Logo-4-Color.jpg","width":508,"height":239,"caption":"Csodaorsz\u00e1g \u00d3voda, B\u00f6lcs\u0151de \u00e9s K\u00f6z\u00e9tkeztet\u00e9st Ell\u00e1t\u00f3 Int\u00e9zm\u00e9ny"},"image":{"@id":"https:\/\/bukovoda.hu\/#\/schema\/logo\/image\/"}},{"@type":"Person","@id":"https:\/\/bukovoda.hu\/#\/schema\/person\/063eb8a6e2220a58a47ec537d3d8d987","name":"admin","image":{"@type":"ImageObject","inLanguage":"hu","@id":"https:\/\/bukovoda.hu\/#\/schema\/person\/image\/","url":"https:\/\/secure.gravatar.com\/avatar\/7136ebe7fb9d20a1b83ec64b32e87d01?s=96&d=mm&r=g","contentUrl":"https:\/\/secure.gravatar.com\/avatar\/7136ebe7fb9d20a1b83ec64b32e87d01?s=96&d=mm&r=g","caption":"admin"},"sameAs":["https:\/\/bukovoda.hu"],"url":"https:\/\/bukovoda.hu\/?author=1"}]}},"jetpack_featured_media_url":"","blog_post_layout_featured_media_urls":{"thumbnail":"","full":""},"categories_names":{"1":{"name":"Kategoriz\u00e1latlan","link":"https:\/\/bukovoda.hu\/?cat=1"}},"tags_names":[],"comments_number":"0","_links":{"self":[{"href":"https:\/\/bukovoda.hu\/index.php?rest_route=\/wp\/v2\/posts\/698"}],"collection":[{"href":"https:\/\/bukovoda.hu\/index.php?rest_route=\/wp\/v2\/posts"}],"about":[{"href":"https:\/\/bukovoda.hu\/index.php?rest_route=\/wp\/v2\/types\/post"}],"author":[{"embeddable":true,"href":"https:\/\/bukovoda.hu\/index.php?rest_route=\/wp\/v2\/users\/1"}],"replies":[{"embeddable":true,"href":"https:\/\/bukovoda.hu\/index.php?rest_route=%2Fwp%2Fv2%2Fcomments&post=698"}],"version-history":[{"count":4,"href":"https:\/\/bukovoda.hu\/index.php?rest_route=\/wp\/v2\/posts\/698\/revisions"}],"predecessor-version":[{"id":715,"href":"https:\/\/bukovoda.hu\/index.php?rest_route=\/wp\/v2\/posts\/698\/revisions\/715"}],"wp:attachment":[{"href":"https:\/\/bukovoda.hu\/index.php?rest_route=%2Fwp%2Fv2%2Fmedia&parent=698"}],"wp:term":[{"taxonomy":"category","embeddable":true,"href":"https:\/\/bukovoda.hu\/index.php?rest_route=%2Fwp%2Fv2%2Fcategories&post=698"},{"taxonomy":"post_tag","embeddable":true,"href":"https:\/\/bukovoda.hu\/index.php?rest_route=%2Fwp%2Fv2%2Ftags&post=698"},{"taxonomy":"table_tags","embeddable":true,"href":"https:\/\/bukovoda.hu\/index.php?rest_route=%2Fwp%2Fv2%2Ftable_tags&post=698"}],"curies":[{"name":"wp","href":"https:\/\/api.w.org\/{rel}","templated":true}]}}